{"id":1048,"date":"2025-04-14T18:21:03","date_gmt":"2025-04-14T21:21:03","guid":{"rendered":"https:\/\/mrcla.com.br\/?p=1048"},"modified":"2025-04-14T18:21:03","modified_gmt":"2025-04-14T21:21:03","slug":"mercado-de-carbono","status":"publish","type":"post","link":"https:\/\/mrcla.com.br\/en\/logistica\/mercado-de-carbono\/","title":{"rendered":"O rumo do mercado de carbono no setor de transportes"},"content":{"rendered":"<p>O mercado de carbono tem ganhado cada vez mais relev\u00e2ncia como ferramenta para reduzir as emiss\u00f5es de gases de efeito estufa e incentivar <a href=\"https:\/\/mrcla.com.br\/en\/gestao\/esg-nos-transportes-estrategias-para-alem-da-sustentabilidade\/\">pr\u00e1ticas sustent\u00e1veis<\/a> em diversos setores da economia.<\/p>\n<p>No Brasil, a san\u00e7\u00e3o da Lei n\u00ba 15.042, de 11 de dezembro de 2024, estabelece as bases para um mercado regulado de carbono, impactando diretamente o setor de transportes.<\/p>\n<p>Confira abaixo as principais diretrizes dessa legisla\u00e7\u00e3o, seus benef\u00edcios e desafios, bem como os impactos esperados para o <a href=\"https:\/\/mrcla.com.br\/en\/logistica\/projecoes-setor-de-transportes-em-2025\/\">futuro do setor<\/a>.<\/p>\n<p>&nbsp;<\/p>\n<h2><strong>A Lei n\u00ba 15.042 e o mercado de carbono<\/strong><\/h2>\n<p>A nova legisla\u00e7\u00e3o define um arcabou\u00e7o regulat\u00f3rio para o mercado de carbono no Brasil, determinando a cria\u00e7\u00e3o de um sistema de com\u00e9rcio de emiss\u00f5es (ETS \u2013 Emissions Trading System).<\/p>\n<p>O setor de transportes, um dos grandes emissores de gases de efeito estufa, ter\u00e1 metas espec\u00edficas para redu\u00e7\u00e3o de emiss\u00f5es, podendo negociar cr\u00e9ditos de carbono no mercado regulado.<\/p>\n<p>Dessa forma, empresas que conseguirem reduzir suas emiss\u00f5es abaixo dos limites estabelecidos poder\u00e3o vender cr\u00e9ditos para aquelas que excederem suas cotas.<\/p>\n<p>&nbsp;<\/p>\n<h2><strong>Benef\u00edcios e desafios do mercado de carbono no setor de transportes<\/strong><\/h2>\n<p>A regulamenta\u00e7\u00e3o do mercado de carbono traz uma s\u00e9rie de benef\u00edcios e desafios para o setor de transportes no Brasil.<\/p>\n<p>&nbsp;<\/p>\n<h3>Benef\u00edcios<\/h3>\n<ul>\n<li><strong>Redu\u00e7\u00e3o de emiss\u00f5es<\/strong><\/li>\n<\/ul>\n<p>Com metas claras e um incentivo econ\u00f4mico para reduzir emiss\u00f5es, o setor de transportes ser\u00e1 impulsionado a investir em combust\u00edveis limpos, eletrifica\u00e7\u00e3o de frotas e otimiza\u00e7\u00e3o log\u00edstica.<\/p>\n<ul>\n<li><strong>Inova\u00e7\u00e3o e moderniza\u00e7\u00e3o<\/strong><\/li>\n<\/ul>\n<p>O incentivo financeiro para a redu\u00e7\u00e3o das emiss\u00f5es pode fomentar a pesquisa e o desenvolvimento de novas tecnologias, como biocombust\u00edveis avan\u00e7ados, ve\u00edculos el\u00e9tricos e sistemas inteligentes de gest\u00e3o de frotas.<\/p>\n<ul>\n<li><strong>Competitividade no mercado global<\/strong><\/li>\n<\/ul>\n<p>Empresas que se adaptarem \u00e0s novas exig\u00eancias ter\u00e3o maior aceita\u00e7\u00e3o no mercado internacional, onde a sustentabilidade tem se tornado um crit\u00e9rio essencial para acordos comerciais e investimentos.<\/p>\n<ul>\n<li><strong>Gera\u00e7\u00e3o de receitas<\/strong><\/li>\n<\/ul>\n<p>Empresas que reduzirem suas emiss\u00f5es podem vender cr\u00e9ditos de carbono, criando uma nova fonte de receita e incentivando ainda mais a ado\u00e7\u00e3o de pr\u00e1ticas sustent\u00e1veis.<\/p>\n<p>&nbsp;<\/p>\n<h3><strong>Desafios<\/strong><\/h3>\n<ul>\n<li><strong>Custos iniciais elevados<\/strong><\/li>\n<\/ul>\n<p>A transi\u00e7\u00e3o para tecnologias mais limpas exige investimentos significativos, o que pode representar um entrave para pequenas e m\u00e9dias empresas do setor de transportes.<\/p>\n<ul>\n<li><strong>Infraestrutura insuficiente<\/strong><\/li>\n<\/ul>\n<p>A falta de infraestrutura adequada para abastecimento de ve\u00edculos el\u00e9tricos e utiliza\u00e7\u00e3o de combust\u00edveis alternativos ainda \u00e9 um desafio que precisa ser superado para viabilizar a ado\u00e7\u00e3o em larga escala.<\/p>\n<ul>\n<li><strong>Complexidade regulat\u00f3ria<\/strong><\/li>\n<\/ul>\n<p>A nova legisla\u00e7\u00e3o exige um processo detalhado de monitoramento, reporte e verifica\u00e7\u00e3o das emiss\u00f5es, o que pode gerar dificuldades para empresas que n\u00e3o possuem estrutura adequada para se adequar \u00e0s novas exig\u00eancias.<\/p>\n<ul>\n<li><strong>Oscila\u00e7\u00e3o no pre\u00e7o do carbono<\/strong><\/li>\n<\/ul>\n<p>A precifica\u00e7\u00e3o do carbono pode sofrer varia\u00e7\u00f5es ao longo do tempo, impactando a previsibilidade financeira das empresas e influenciando suas estrat\u00e9gias de adapta\u00e7\u00e3o ao novo mercado.<\/p>\n<p>&nbsp;<\/p>\n<h4><a href=\"https:\/\/mrcla.com.br\/en\/fale-conosco\/\">Descubra como a MRCLA pode ajudar seu neg\u00f3cio a ter uma frota sustent\u00e1vel.<\/a><\/h4>\n<p>&nbsp;<\/p>\n<h2><strong>Conclus\u00e3o<\/strong><\/h2>\n<p>A regulamenta\u00e7\u00e3o do mercado de carbono representa um avan\u00e7o significativo para a sustentabilidade no setor de transportes no Brasil. Apesar dos desafios, as oportunidades trazidas por essa nova estrutura regulat\u00f3ria podem impulsionar a inova\u00e7\u00e3o, reduzir impactos ambientais e tornar o setor mais competitivo globalmente.<\/p>\n<p>Empresas que investirem em solu\u00e7\u00f5es sustent\u00e1veis desde j\u00e1 estar\u00e3o mais preparadas para o futuro e poder\u00e3o se beneficiar das vantagens oferecidas por esse mercado em expans\u00e3o.<\/p>","protected":false},"excerpt":{"rendered":"<p>O mercado de carbono tem ganhado cada vez mais relev\u00e2ncia como ferramenta para reduzir as emiss\u00f5es de gases de efeito estufa e&#8230;<\/p>","protected":false},"author":3,"featured_media":1052,"comment_status":"open","ping_status":"open","sticky":false,"template":"","format":"standard","meta":{"_acf_changed":false,"footnotes":""},"categories":[13,12,24],"tags":[26,27],"class_list":["post-1048","post","type-post","status-publish","format-standard","has-post-thumbnail","hentry","category-gestao","category-logistica","category-noticias","tag-carbono","tag-rodoviario"],"acf":[],"yoast_head":"<!-- This site is optimized with the Yoast SEO plugin v27.3 - https:\/\/yoast.com\/product\/yoast-seo-wordpress\/ -->\n<title>O rumo do mercado de carbono no setor de transportes - MRCLA<\/title>\n<meta name=\"description\" content=\"Lei n\u00ba 15.042 e seu impacto no mercado de carbono.\" \/>\n<meta name=\"robots\" content=\"index, follow, max-snippet:-1, max-image-preview:large, max-video-preview:-1\" \/>\n<link rel=\"canonical\" href=\"https:\/\/mrcla.com.br\/en\/logistica\/mercado-de-carbono\/\" \/>\n<meta property=\"og:locale\" content=\"en_US\" \/>\n<meta property=\"og:type\" content=\"article\" \/>\n<meta property=\"og:title\" content=\"O rumo do mercado de carbono no setor de transportes - MRCLA\" \/>\n<meta property=\"og:description\" content=\"Lei n\u00ba 15.042 e seu impacto no mercado de carbono.\" \/>\n<meta property=\"og:url\" content=\"https:\/\/mrcla.com.br\/en\/logistica\/mercado-de-carbono\/\" \/>\n<meta property=\"og:site_name\" content=\"MRCLA\" \/>\n<meta property=\"article:published_time\" content=\"2025-04-14T21:21:03+00:00\" \/>\n<meta property=\"og:image\" content=\"https:\/\/mrcla.com.br\/wp-content\/uploads\/2025\/04\/Banner-Abril.png\" \/>\n\t<meta property=\"og:image:width\" content=\"1911\" \/>\n\t<meta property=\"og:image:height\" content=\"655\" \/>\n\t<meta property=\"og:image:type\" content=\"image\/png\" \/>\n<meta name=\"author\" content=\"mrcla_admin\" \/>\n<meta name=\"twitter:card\" content=\"summary_large_image\" \/>\n<meta name=\"twitter:label1\" content=\"Written by\" \/>\n\t<meta name=\"twitter:data1\" content=\"mrcla_admin\" \/>\n\t<meta name=\"twitter:label2\" content=\"Est. reading time\" \/>\n\t<meta name=\"twitter:data2\" content=\"4 minutes\" \/>\n<script type=\"application\/ld+json\" class=\"yoast-schema-graph\">{\"@context\":\"https:\\\/\\\/schema.org\",\"@graph\":[{\"@type\":\"Article\",\"@id\":\"https:\\\/\\\/mrcla.com.br\\\/logistica\\\/mercado-de-carbono\\\/#article\",\"isPartOf\":{\"@id\":\"https:\\\/\\\/mrcla.com.br\\\/logistica\\\/mercado-de-carbono\\\/\"},\"author\":{\"name\":\"mrcla_admin\",\"@id\":\"http:\\\/\\\/mrcla.com.br\\\/#\\\/schema\\\/person\\\/9d4e5d3e670020e6ebe7ef394d1f9671\"},\"headline\":\"O rumo do mercado de carbono no setor de transportes\",\"datePublished\":\"2025-04-14T21:21:03+00:00\",\"mainEntityOfPage\":{\"@id\":\"https:\\\/\\\/mrcla.com.br\\\/logistica\\\/mercado-de-carbono\\\/\"},\"wordCount\":623,\"commentCount\":0,\"image\":{\"@id\":\"https:\\\/\\\/mrcla.com.br\\\/logistica\\\/mercado-de-carbono\\\/#primaryimage\"},\"thumbnailUrl\":\"https:\\\/\\\/mrcla.com.br\\\/wp-content\\\/uploads\\\/2025\\\/04\\\/Banner-Abril.png\",\"keywords\":[\"carbono\",\"rodovi\u00e1rio\"],\"articleSection\":[\"Gest\u00e3o\",\"Log\u00edstica\",\"Not\u00edcias\"],\"inLanguage\":\"en-US\",\"potentialAction\":[{\"@type\":\"CommentAction\",\"name\":\"Comment\",\"target\":[\"https:\\\/\\\/mrcla.com.br\\\/logistica\\\/mercado-de-carbono\\\/#respond\"]}]},{\"@type\":\"WebPage\",\"@id\":\"https:\\\/\\\/mrcla.com.br\\\/logistica\\\/mercado-de-carbono\\\/\",\"url\":\"https:\\\/\\\/mrcla.com.br\\\/logistica\\\/mercado-de-carbono\\\/\",\"name\":\"O rumo do mercado de carbono no setor de transportes - MRCLA\",\"isPartOf\":{\"@id\":\"http:\\\/\\\/mrcla.com.br\\\/#website\"},\"primaryImageOfPage\":{\"@id\":\"https:\\\/\\\/mrcla.com.br\\\/logistica\\\/mercado-de-carbono\\\/#primaryimage\"},\"image\":{\"@id\":\"https:\\\/\\\/mrcla.com.br\\\/logistica\\\/mercado-de-carbono\\\/#primaryimage\"},\"thumbnailUrl\":\"https:\\\/\\\/mrcla.com.br\\\/wp-content\\\/uploads\\\/2025\\\/04\\\/Banner-Abril.png\",\"datePublished\":\"2025-04-14T21:21:03+00:00\",\"author\":{\"@id\":\"http:\\\/\\\/mrcla.com.br\\\/#\\\/schema\\\/person\\\/9d4e5d3e670020e6ebe7ef394d1f9671\"},\"description\":\"Lei n\u00ba 15.042 e seu impacto no mercado de carbono.\",\"inLanguage\":\"en-US\",\"potentialAction\":[{\"@type\":\"ReadAction\",\"target\":[\"https:\\\/\\\/mrcla.com.br\\\/logistica\\\/mercado-de-carbono\\\/\"]}]},{\"@type\":\"ImageObject\",\"inLanguage\":\"en-US\",\"@id\":\"https:\\\/\\\/mrcla.com.br\\\/logistica\\\/mercado-de-carbono\\\/#primaryimage\",\"url\":\"https:\\\/\\\/mrcla.com.br\\\/wp-content\\\/uploads\\\/2025\\\/04\\\/Banner-Abril.png\",\"contentUrl\":\"https:\\\/\\\/mrcla.com.br\\\/wp-content\\\/uploads\\\/2025\\\/04\\\/Banner-Abril.png\",\"width\":1911,\"height\":655,\"caption\":\"Mercado de carbono\"},{\"@type\":\"WebSite\",\"@id\":\"http:\\\/\\\/mrcla.com.br\\\/#website\",\"url\":\"http:\\\/\\\/mrcla.com.br\\\/\",\"name\":\"MRCLA\",\"description\":\"MITSUI Rail Capital\",\"potentialAction\":[{\"@type\":\"SearchAction\",\"target\":{\"@type\":\"EntryPoint\",\"urlTemplate\":\"http:\\\/\\\/mrcla.com.br\\\/?s={search_term_string}\"},\"query-input\":{\"@type\":\"PropertyValueSpecification\",\"valueRequired\":true,\"valueName\":\"search_term_string\"}}],\"inLanguage\":\"en-US\"},{\"@type\":\"Person\",\"@id\":\"http:\\\/\\\/mrcla.com.br\\\/#\\\/schema\\\/person\\\/9d4e5d3e670020e6ebe7ef394d1f9671\",\"name\":\"mrcla_admin\",\"image\":{\"@type\":\"ImageObject\",\"inLanguage\":\"en-US\",\"@id\":\"https:\\\/\\\/secure.gravatar.com\\\/avatar\\\/67307733c3dcc96d43f11ff2ae5737f2103fb52403ead7ee809bcbca4f09b04f?s=96&d=mm&r=g\",\"url\":\"https:\\\/\\\/secure.gravatar.com\\\/avatar\\\/67307733c3dcc96d43f11ff2ae5737f2103fb52403ead7ee809bcbca4f09b04f?s=96&d=mm&r=g\",\"contentUrl\":\"https:\\\/\\\/secure.gravatar.com\\\/avatar\\\/67307733c3dcc96d43f11ff2ae5737f2103fb52403ead7ee809bcbca4f09b04f?s=96&d=mm&r=g\",\"caption\":\"mrcla_admin\"}}]}<\/script>\n<!-- \/ Yoast SEO plugin. -->","yoast_head_json":{"title":"O rumo do mercado de carbono no setor de transportes - MRCLA","description":"Lei n\u00ba 15.042 e seu impacto no mercado de carbono.","robots":{"index":"index","follow":"follow","max-snippet":"max-snippet:-1","max-image-preview":"max-image-preview:large","max-video-preview":"max-video-preview:-1"},"canonical":"https:\/\/mrcla.com.br\/en\/logistica\/mercado-de-carbono\/","og_locale":"en_US","og_type":"article","og_title":"O rumo do mercado de carbono no setor de transportes - MRCLA","og_description":"Lei n\u00ba 15.042 e seu impacto no mercado de carbono.","og_url":"https:\/\/mrcla.com.br\/en\/logistica\/mercado-de-carbono\/","og_site_name":"MRCLA","article_published_time":"2025-04-14T21:21:03+00:00","og_image":[{"width":1911,"height":655,"url":"https:\/\/mrcla.com.br\/wp-content\/uploads\/2025\/04\/Banner-Abril.png","type":"image\/png"}],"author":"mrcla_admin","twitter_card":"summary_large_image","twitter_misc":{"Written by":"mrcla_admin","Est. reading time":"4 minutes"},"schema":{"@context":"https:\/\/schema.org","@graph":[{"@type":"Article","@id":"https:\/\/mrcla.com.br\/logistica\/mercado-de-carbono\/#article","isPartOf":{"@id":"https:\/\/mrcla.com.br\/logistica\/mercado-de-carbono\/"},"author":{"name":"mrcla_admin","@id":"http:\/\/mrcla.com.br\/#\/schema\/person\/9d4e5d3e670020e6ebe7ef394d1f9671"},"headline":"O rumo do mercado de carbono no setor de transportes","datePublished":"2025-04-14T21:21:03+00:00","mainEntityOfPage":{"@id":"https:\/\/mrcla.com.br\/logistica\/mercado-de-carbono\/"},"wordCount":623,"commentCount":0,"image":{"@id":"https:\/\/mrcla.com.br\/logistica\/mercado-de-carbono\/#primaryimage"},"thumbnailUrl":"https:\/\/mrcla.com.br\/wp-content\/uploads\/2025\/04\/Banner-Abril.png","keywords":["carbono","rodovi\u00e1rio"],"articleSection":["Gest\u00e3o","Log\u00edstica","Not\u00edcias"],"inLanguage":"en-US","potentialAction":[{"@type":"CommentAction","name":"Comment","target":["https:\/\/mrcla.com.br\/logistica\/mercado-de-carbono\/#respond"]}]},{"@type":"WebPage","@id":"https:\/\/mrcla.com.br\/logistica\/mercado-de-carbono\/","url":"https:\/\/mrcla.com.br\/logistica\/mercado-de-carbono\/","name":"O rumo do mercado de carbono no setor de transportes - MRCLA","isPartOf":{"@id":"http:\/\/mrcla.com.br\/#website"},"primaryImageOfPage":{"@id":"https:\/\/mrcla.com.br\/logistica\/mercado-de-carbono\/#primaryimage"},"image":{"@id":"https:\/\/mrcla.com.br\/logistica\/mercado-de-carbono\/#primaryimage"},"thumbnailUrl":"https:\/\/mrcla.com.br\/wp-content\/uploads\/2025\/04\/Banner-Abril.png","datePublished":"2025-04-14T21:21:03+00:00","author":{"@id":"http:\/\/mrcla.com.br\/#\/schema\/person\/9d4e5d3e670020e6ebe7ef394d1f9671"},"description":"Lei n\u00ba 15.042 e seu impacto no mercado de carbono.","inLanguage":"en-US","potentialAction":[{"@type":"ReadAction","target":["https:\/\/mrcla.com.br\/logistica\/mercado-de-carbono\/"]}]},{"@type":"ImageObject","inLanguage":"en-US","@id":"https:\/\/mrcla.com.br\/logistica\/mercado-de-carbono\/#primaryimage","url":"https:\/\/mrcla.com.br\/wp-content\/uploads\/2025\/04\/Banner-Abril.png","contentUrl":"https:\/\/mrcla.com.br\/wp-content\/uploads\/2025\/04\/Banner-Abril.png","width":1911,"height":655,"caption":"Mercado de carbono"},{"@type":"WebSite","@id":"http:\/\/mrcla.com.br\/#website","url":"http:\/\/mrcla.com.br\/","name":"MRCLA","description":"MITSUI Rail Capital","potentialAction":[{"@type":"SearchAction","target":{"@type":"EntryPoint","urlTemplate":"http:\/\/mrcla.com.br\/?s={search_term_string}"},"query-input":{"@type":"PropertyValueSpecification","valueRequired":true,"valueName":"search_term_string"}}],"inLanguage":"en-US"},{"@type":"Person","@id":"http:\/\/mrcla.com.br\/#\/schema\/person\/9d4e5d3e670020e6ebe7ef394d1f9671","name":"mrcla_admin","image":{"@type":"ImageObject","inLanguage":"en-US","@id":"https:\/\/secure.gravatar.com\/avatar\/67307733c3dcc96d43f11ff2ae5737f2103fb52403ead7ee809bcbca4f09b04f?s=96&d=mm&r=g","url":"https:\/\/secure.gravatar.com\/avatar\/67307733c3dcc96d43f11ff2ae5737f2103fb52403ead7ee809bcbca4f09b04f?s=96&d=mm&r=g","contentUrl":"https:\/\/secure.gravatar.com\/avatar\/67307733c3dcc96d43f11ff2ae5737f2103fb52403ead7ee809bcbca4f09b04f?s=96&d=mm&r=g","caption":"mrcla_admin"}}]}},"_links":{"self":[{"href":"https:\/\/mrcla.com.br\/en\/wp-json\/wp\/v2\/posts\/1048","targetHints":{"allow":["GET"]}}],"collection":[{"href":"https:\/\/mrcla.com.br\/en\/wp-json\/wp\/v2\/posts"}],"about":[{"href":"https:\/\/mrcla.com.br\/en\/wp-json\/wp\/v2\/types\/post"}],"author":[{"embeddable":true,"href":"https:\/\/mrcla.com.br\/en\/wp-json\/wp\/v2\/users\/3"}],"replies":[{"embeddable":true,"href":"https:\/\/mrcla.com.br\/en\/wp-json\/wp\/v2\/comments?post=1048"}],"version-history":[{"count":8,"href":"https:\/\/mrcla.com.br\/en\/wp-json\/wp\/v2\/posts\/1048\/revisions"}],"predecessor-version":[{"id":1057,"href":"https:\/\/mrcla.com.br\/en\/wp-json\/wp\/v2\/posts\/1048\/revisions\/1057"}],"wp:featuredmedia":[{"embeddable":true,"href":"https:\/\/mrcla.com.br\/en\/wp-json\/wp\/v2\/media\/1052"}],"wp:attachment":[{"href":"https:\/\/mrcla.com.br\/en\/wp-json\/wp\/v2\/media?parent=1048"}],"wp:term":[{"taxonomy":"category","embeddable":true,"href":"https:\/\/mrcla.com.br\/en\/wp-json\/wp\/v2\/categories?post=1048"},{"taxonomy":"post_tag","embeddable":true,"href":"https:\/\/mrcla.com.br\/en\/wp-json\/wp\/v2\/tags?post=1048"}],"curies":[{"name":"wp","href":"https:\/\/api.w.org\/{rel}","templated":true}]}}